{"id":10531,"date":"2023-08-03T10:53:27","date_gmt":"2023-08-03T10:53:27","guid":{"rendered":"https:\/\/cinemaescola.com\/?p=10531"},"modified":"2023-08-03T11:07:39","modified_gmt":"2023-08-03T11:07:39","slug":"produccio-del-rodatge-badia-el-curtmetratge","status":"publish","type":"post","link":"https:\/\/cinemaescola.com\/es\/produccio-del-rodatge-badia-el-curtmetratge\/","title":{"rendered":"Producci\u00f3 del rodatge Badia, el curtmetratge"},"content":{"rendered":"<p>Aquest juliol, hem tingut l&#8217;oportunitat de participar amb la nostra productora Films en Off en la producci\u00f3 del curtmetratge Badia, del director i guionista Marcel Buisan.<\/p><p>Badia, \u00e9s un curtmetratge de cinema negre que es basa en la vida de Miquel Badia, un pol\u00edtic i activista radical que va militar al partit nacionalista Estat Catal\u00e0.<\/p><p>El curt, que t\u00e9 com a direcci\u00f3 de fotografia el Marc Pascual, s&#8217;ha rodat en diverses localitzacions d&#8217;arreu de Catalunya i entra ara en fase de postproducci\u00f3.<\/p><p>Molt aviat comen\u00e7ar\u00e0 la seva primera fase de distribuci\u00f3 en festivals internacionals.<\/p><p>Podreu seguir totes les novetats al seu canal d\u2019Instagram:<\/p><p><a href=\"http:\/\/www.instagram.com\/badiashortfilm\">www.instagram.com\/badiashortfilm<\/a><\/p><p><\/p><p><\/p><p><strong>Sinopsis del projecte<\/strong><\/p><p><em>Miquel Badia, un jove independentista radical catal\u00e0, \u00e9s detingut per formar part d\u2019un complot per atemptar contra el Rei Alfons XIII.<\/em><\/p><p><em>Poc temps despr\u00e9s de sortir de la pres\u00f3, el partit en el qual milita integra la coalici\u00f3 que ha portat la Rep\u00fablica a Catalunya: Esquerra Republicana de Catalunya.<\/em><\/p><p><em>Amb les noves responsabilitats de govern, Miquel entrar\u00e0 en una arrauxada espiral, on haur\u00e0 de triar entre els ideals i la pol\u00edtica, creant-se nous enemics i lluitant per un amor prohibit.<\/em><\/p>","protected":false},"excerpt":{"rendered":"<p>Aquest juliol, hem tingut l&#8217;oportunitat de participar amb la nostra productora Films en Off en la producci\u00f3 del curtmetratge Badia, del director i guionista Marcel Buisan. Badia, \u00e9s un curtmetratge de cinema negre que es basa en la vida de Miquel Badia, un pol\u00edtic i [&hellip;]<\/p>","protected":false},"author":1,"featured_media":10534,"comment_status":"closed","ping_status":"closed","sticky":false,"template":"","format":"standard","meta":{"footnotes":""},"categories":[1],"tags":[],"class_list":["post-10531","post","type-post","status-publish","format-standard","has-post-thumbnail","hentry","category-sin-categoria"],"yoast_head":"<!-- This site is optimized with the Yoast SEO plugin v24.7 - https:\/\/yoast.com\/wordpress\/plugins\/seo\/ -->\n<title>Producci\u00f3 del rodatge Badia, el curtmetratge - Escola de cinema<\/title>\n<meta name=\"robots\" content=\"index, follow, max-snippet:-1, max-image-preview:large, max-video-preview:-1\" \/>\n<link rel=\"canonical\" href=\"https:\/\/cinemaescola.com\/es\/produccio-del-rodatge-badia-el-curtmetratge\/\" \/>\n<meta property=\"og:locale\" content=\"es_ES\" \/>\n<meta property=\"og:type\" content=\"article\" \/>\n<meta property=\"og:title\" content=\"Producci\u00f3 del rodatge Badia, el curtmetratge - Escola de cinema\" \/>\n<meta property=\"og:description\" content=\"Aquest juliol, hem tingut l&#8217;oportunitat de participar amb la nostra productora Films en Off en la producci\u00f3 del curtmetratge Badia, del director i guionista Marcel Buisan. Badia, \u00e9s un curtmetratge de cinema negre que es basa en la vida de Miquel Badia, un pol\u00edtic i [&hellip;]\" \/>\n<meta property=\"og:url\" content=\"https:\/\/cinemaescola.com\/es\/produccio-del-rodatge-badia-el-curtmetratge\/\" \/>\n<meta property=\"og:site_name\" content=\"Escola de cinema\" \/>\n<meta property=\"article:published_time\" content=\"2023-08-03T10:53:27+00:00\" \/>\n<meta property=\"article:modified_time\" content=\"2023-08-03T11:07:39+00:00\" \/>\n<meta property=\"og:image\" content=\"https:\/\/cinemaescola.com\/wp-content\/uploads\/2023\/08\/badia-i-carme.jpg\" \/>\n\t<meta property=\"og:image:width\" content=\"738\" \/>\n\t<meta property=\"og:image:height\" content=\"616\" \/>\n\t<meta property=\"og:image:type\" content=\"image\/jpeg\" \/>\n<meta name=\"author\" content=\"Films en Off\" \/>\n<meta name=\"twitter:card\" content=\"summary_large_image\" \/>\n<meta name=\"twitter:label1\" content=\"Escrito por\" \/>\n\t<meta name=\"twitter:data1\" content=\"Films en Off\" \/>\n\t<meta name=\"twitter:label2\" content=\"Tiempo de lectura\" \/>\n\t<meta name=\"twitter:data2\" content=\"1 minuto\" \/>\n<script type=\"application\/ld+json\" class=\"yoast-schema-graph\">{\"@context\":\"https:\/\/schema.org\",\"@graph\":[{\"@type\":\"WebPage\",\"@id\":\"https:\/\/cinemaescola.com\/es\/produccio-del-rodatge-badia-el-curtmetratge\/\",\"url\":\"https:\/\/cinemaescola.com\/es\/produccio-del-rodatge-badia-el-curtmetratge\/\",\"name\":\"Producci\u00f3 del rodatge Badia, el curtmetratge - Escola de cinema\",\"isPartOf\":{\"@id\":\"https:\/\/cinemaescola.com\/#website\"},\"primaryImageOfPage\":{\"@id\":\"https:\/\/cinemaescola.com\/es\/produccio-del-rodatge-badia-el-curtmetratge\/#primaryimage\"},\"image\":{\"@id\":\"https:\/\/cinemaescola.com\/es\/produccio-del-rodatge-badia-el-curtmetratge\/#primaryimage\"},\"thumbnailUrl\":\"https:\/\/cinemaescola.com\/wp-content\/uploads\/2023\/08\/badia-i-carme.jpg\",\"datePublished\":\"2023-08-03T10:53:27+00:00\",\"dateModified\":\"2023-08-03T11:07:39+00:00\",\"author\":{\"@id\":\"https:\/\/cinemaescola.com\/#\/schema\/person\/f8e0d82adaafc721e8c43c6d4f43dfc4\"},\"breadcrumb\":{\"@id\":\"https:\/\/cinemaescola.com\/es\/produccio-del-rodatge-badia-el-curtmetratge\/#breadcrumb\"},\"inLanguage\":\"es\",\"potentialAction\":[{\"@type\":\"ReadAction\",\"target\":[\"https:\/\/cinemaescola.com\/es\/produccio-del-rodatge-badia-el-curtmetratge\/\"]}]},{\"@type\":\"ImageObject\",\"inLanguage\":\"es\",\"@id\":\"https:\/\/cinemaescola.com\/es\/produccio-del-rodatge-badia-el-curtmetratge\/#primaryimage\",\"url\":\"https:\/\/cinemaescola.com\/wp-content\/uploads\/2023\/08\/badia-i-carme.jpg\",\"contentUrl\":\"https:\/\/cinemaescola.com\/wp-content\/uploads\/2023\/08\/badia-i-carme.jpg\",\"width\":738,\"height\":616},{\"@type\":\"BreadcrumbList\",\"@id\":\"https:\/\/cinemaescola.com\/es\/produccio-del-rodatge-badia-el-curtmetratge\/#breadcrumb\",\"itemListElement\":[{\"@type\":\"ListItem\",\"position\":1,\"name\":\"Portada\",\"item\":\"https:\/\/cinemaescola.com\/\"},{\"@type\":\"ListItem\",\"position\":2,\"name\":\"Producci\u00f3 del rodatge Badia, el curtmetratge\"}]},{\"@type\":\"WebSite\",\"@id\":\"https:\/\/cinemaescola.com\/#website\",\"url\":\"https:\/\/cinemaescola.com\/\",\"name\":\"Escola de cinema\",\"description\":\"Cursos per iniciar-se en el m\u00f3n del cinema\",\"potentialAction\":[{\"@type\":\"SearchAction\",\"target\":{\"@type\":\"EntryPoint\",\"urlTemplate\":\"https:\/\/cinemaescola.com\/?s={search_term_string}\"},\"query-input\":{\"@type\":\"PropertyValueSpecification\",\"valueRequired\":true,\"valueName\":\"search_term_string\"}}],\"inLanguage\":\"es\"},{\"@type\":\"Person\",\"@id\":\"https:\/\/cinemaescola.com\/#\/schema\/person\/f8e0d82adaafc721e8c43c6d4f43dfc4\",\"name\":\"Films en Off\",\"image\":{\"@type\":\"ImageObject\",\"inLanguage\":\"es\",\"@id\":\"https:\/\/cinemaescola.com\/#\/schema\/person\/image\/\",\"url\":\"https:\/\/secure.gravatar.com\/avatar\/7339aa5c6d4d50c04bf95acd7ae1ace64b369da2ad5ab0368e67334e5e65d6f8?s=96&d=mm&r=g\",\"contentUrl\":\"https:\/\/secure.gravatar.com\/avatar\/7339aa5c6d4d50c04bf95acd7ae1ace64b369da2ad5ab0368e67334e5e65d6f8?s=96&d=mm&r=g\",\"caption\":\"Films en Off\"},\"sameAs\":[\"http:\/\/cinemaescola.com\"],\"url\":\"https:\/\/cinemaescola.com\/es\/author\/rhrhayji\/\"}]}<\/script>\n<!-- \/ Yoast SEO plugin. -->","yoast_head_json":{"title":"Producci\u00f3 del rodatge Badia, el curtmetratge - Escola de cinema","robots":{"index":"index","follow":"follow","max-snippet":"max-snippet:-1","max-image-preview":"max-image-preview:large","max-video-preview":"max-video-preview:-1"},"canonical":"https:\/\/cinemaescola.com\/es\/produccio-del-rodatge-badia-el-curtmetratge\/","og_locale":"es_ES","og_type":"article","og_title":"Producci\u00f3 del rodatge Badia, el curtmetratge - Escola de cinema","og_description":"Aquest juliol, hem tingut l&#8217;oportunitat de participar amb la nostra productora Films en Off en la producci\u00f3 del curtmetratge Badia, del director i guionista Marcel Buisan. Badia, \u00e9s un curtmetratge de cinema negre que es basa en la vida de Miquel Badia, un pol\u00edtic i [&hellip;]","og_url":"https:\/\/cinemaescola.com\/es\/produccio-del-rodatge-badia-el-curtmetratge\/","og_site_name":"Escola de cinema","article_published_time":"2023-08-03T10:53:27+00:00","article_modified_time":"2023-08-03T11:07:39+00:00","og_image":[{"width":738,"height":616,"url":"https:\/\/cinemaescola.com\/wp-content\/uploads\/2023\/08\/badia-i-carme.jpg","type":"image\/jpeg"}],"author":"Films en Off","twitter_card":"summary_large_image","twitter_misc":{"Escrito por":"Films en Off","Tiempo de lectura":"1 minuto"},"schema":{"@context":"https:\/\/schema.org","@graph":[{"@type":"WebPage","@id":"https:\/\/cinemaescola.com\/es\/produccio-del-rodatge-badia-el-curtmetratge\/","url":"https:\/\/cinemaescola.com\/es\/produccio-del-rodatge-badia-el-curtmetratge\/","name":"Producci\u00f3 del rodatge Badia, el curtmetratge - Escola de cinema","isPartOf":{"@id":"https:\/\/cinemaescola.com\/#website"},"primaryImageOfPage":{"@id":"https:\/\/cinemaescola.com\/es\/produccio-del-rodatge-badia-el-curtmetratge\/#primaryimage"},"image":{"@id":"https:\/\/cinemaescola.com\/es\/produccio-del-rodatge-badia-el-curtmetratge\/#primaryimage"},"thumbnailUrl":"https:\/\/cinemaescola.com\/wp-content\/uploads\/2023\/08\/badia-i-carme.jpg","datePublished":"2023-08-03T10:53:27+00:00","dateModified":"2023-08-03T11:07:39+00:00","author":{"@id":"https:\/\/cinemaescola.com\/#\/schema\/person\/f8e0d82adaafc721e8c43c6d4f43dfc4"},"breadcrumb":{"@id":"https:\/\/cinemaescola.com\/es\/produccio-del-rodatge-badia-el-curtmetratge\/#breadcrumb"},"inLanguage":"es","potentialAction":[{"@type":"ReadAction","target":["https:\/\/cinemaescola.com\/es\/produccio-del-rodatge-badia-el-curtmetratge\/"]}]},{"@type":"ImageObject","inLanguage":"es","@id":"https:\/\/cinemaescola.com\/es\/produccio-del-rodatge-badia-el-curtmetratge\/#primaryimage","url":"https:\/\/cinemaescola.com\/wp-content\/uploads\/2023\/08\/badia-i-carme.jpg","contentUrl":"https:\/\/cinemaescola.com\/wp-content\/uploads\/2023\/08\/badia-i-carme.jpg","width":738,"height":616},{"@type":"BreadcrumbList","@id":"https:\/\/cinemaescola.com\/es\/produccio-del-rodatge-badia-el-curtmetratge\/#breadcrumb","itemListElement":[{"@type":"ListItem","position":1,"name":"Portada","item":"https:\/\/cinemaescola.com\/"},{"@type":"ListItem","position":2,"name":"Producci\u00f3 del rodatge Badia, el curtmetratge"}]},{"@type":"WebSite","@id":"https:\/\/cinemaescola.com\/#website","url":"https:\/\/cinemaescola.com\/","name":"Escola de cinema","description":"Cursos per iniciar-se en el m\u00f3n del cinema","potentialAction":[{"@type":"SearchAction","target":{"@type":"EntryPoint","urlTemplate":"https:\/\/cinemaescola.com\/?s={search_term_string}"},"query-input":{"@type":"PropertyValueSpecification","valueRequired":true,"valueName":"search_term_string"}}],"inLanguage":"es"},{"@type":"Person","@id":"https:\/\/cinemaescola.com\/#\/schema\/person\/f8e0d82adaafc721e8c43c6d4f43dfc4","name":"Films en Off","image":{"@type":"ImageObject","inLanguage":"es","@id":"https:\/\/cinemaescola.com\/#\/schema\/person\/image\/","url":"https:\/\/secure.gravatar.com\/avatar\/7339aa5c6d4d50c04bf95acd7ae1ace64b369da2ad5ab0368e67334e5e65d6f8?s=96&d=mm&r=g","contentUrl":"https:\/\/secure.gravatar.com\/avatar\/7339aa5c6d4d50c04bf95acd7ae1ace64b369da2ad5ab0368e67334e5e65d6f8?s=96&d=mm&r=g","caption":"Films en Off"},"sameAs":["http:\/\/cinemaescola.com"],"url":"https:\/\/cinemaescola.com\/es\/author\/rhrhayji\/"}]}},"_links":{"self":[{"href":"https:\/\/cinemaescola.com\/es\/wp-json\/wp\/v2\/posts\/10531","targetHints":{"allow":["GET"]}}],"collection":[{"href":"https:\/\/cinemaescola.com\/es\/wp-json\/wp\/v2\/posts"}],"about":[{"href":"https:\/\/cinemaescola.com\/es\/wp-json\/wp\/v2\/types\/post"}],"author":[{"embeddable":true,"href":"https:\/\/cinemaescola.com\/es\/wp-json\/wp\/v2\/users\/1"}],"replies":[{"embeddable":true,"href":"https:\/\/cinemaescola.com\/es\/wp-json\/wp\/v2\/comments?post=10531"}],"version-history":[{"count":0,"href":"https:\/\/cinemaescola.com\/es\/wp-json\/wp\/v2\/posts\/10531\/revisions"}],"wp:featuredmedia":[{"embeddable":true,"href":"https:\/\/cinemaescola.com\/es\/wp-json\/wp\/v2\/media\/10534"}],"wp:attachment":[{"href":"https:\/\/cinemaescola.com\/es\/wp-json\/wp\/v2\/media?parent=10531"}],"wp:term":[{"taxonomy":"category","embeddable":true,"href":"https:\/\/cinemaescola.com\/es\/wp-json\/wp\/v2\/categories?post=10531"},{"taxonomy":"post_tag","embeddable":true,"href":"https:\/\/cinemaescola.com\/es\/wp-json\/wp\/v2\/tags?post=10531"}],"curies":[{"name":"wp","href":"https:\/\/api.w.org\/{rel}","templated":true}]}}